{"id":502,"date":"2022-01-24T17:17:03","date_gmt":"2022-01-24T17:17:03","guid":{"rendered":"https:\/\/www.domenzavrl.com\/?p=502"},"modified":"2022-01-24T17:17:03","modified_gmt":"2022-01-24T17:17:03","slug":"trg-elektricnih-vozil-in-trzna-vrednost-skupine-volkswagen","status":"publish","type":"post","link":"https:\/\/www.domenzavrl.com\/sl\/trg-elektricnih-vozil-in-trzna-vrednost-skupine-volkswagen\/","title":{"rendered":"TRG ELEKTRI\u010cNIH VOZIL IN TR\u017dNA VREDNOST SKUPINE VOLKSWAGEN"},"content":{"rendered":"<p><u><a href=\"https:\/\/www.volkswagenag.com\/\">Skupina Volkswagen<\/a><\/u> je nem\u0161ki proizvajalec avtomobilov, ki ima pod okriljem deset blagovnih znamk. Med bolj znanimi so Audi, Porsche, Volkswagen, \u0160koda, Seat, Cupra, Scania, MAN, Bentley in Bugatti. Proizvodnja in prodaja vozil je raz\u0161irjena po vsem svetu, predvsem v Evropi, Severni Ameriki, Ju\u017eni Ameriki in azijsko-pacifi\u0161ki regiji. Delujejo na razli\u010dnih podro\u010djih in pokrivajo vse od osebnih, gospodarskih vozil, motornih koles, energetike ter finan\u010dnih storitev za upravljanje voznega parka.<\/p>\n<p>Volkswagen je napovedal ve\u010djo usmeritev v proizvodnjo elektri\u010dnih vozil in digitalizacijo tehnologij zanje. Do leta 2030 naj bi imeli na trgu ve\u010d kot 50 razli\u010dnih modelov elektri\u010dnih vozil. Kljub temu, da je trenutno med bolj odmevnimi imeni na tem podro\u010dju ameri\u0161ka dru\u017eba <u><a href=\"https:\/\/www.tesla.com\/\">Tesla<\/a><\/u>, bi lahko v prihodnosti Volkswagen pokrival ve\u010dji del trga.<\/p>\n<p>Vrednost delnic Volkswagna se trenutno giblje okoli 269,60 evrov na delnico. V zadnjem letu je njihova tr\u017ena vrednost narastla za kar 60,29 %. Zaradi izjemnega potenciala rasti\u00a0 skupine Volkswagen v prihodnjih letih, se je za nakup delnic, ki trgujejo pod oznako VOW.EU, odlo\u010dil tudi <a href=\"https:\/\/www.domenzavrl.com\/sl\/zivljenjepis\/\">Domen Zavrl<\/a>.<\/p>\n<p><strong>Konkuren\u010dne prednosti Volkswagna na podro\u010dju e-mobilnosti<\/strong><\/p>\n<ul>\n<li>Trenutno Volkswagen pokriva najve\u010dji del evropskega trga in ima vodilni polo\u017eaj na Kitajskem. Ameri\u0161ki trg v ve\u010dini pokriva Tesla, medtem ko Volkswagen zaseda drugo mesto.<\/li>\n<li>Volkswagen zaradi blagovnih znamk, kot sta Audi in Porsche, pokriva tudi del trga za luksuzna in SUV vozil. Tesla v tem razredu zaenkrat \u0161e nima konkuren\u010dnih vozil.<\/li>\n<li>Volkswagen pospe\u0161eno investira v infrastrukturo za polnjenje elektri\u010dnih vozil, saj na\u010drtujejo postavitev kar 400 polnilnih postaj v Evropi, 100 od teh v Nem\u010diji. Njihov namen je, da bi zagotovili pokritost mre\u017ee in imeli postavljeno eno polnilno postajo na razdalji 120 km. Z izgradnjo teh se \u0161irijo tudi na ameri\u0161ki in kitajski trg. V Ameriki imajo svoje omre\u017eje <u><a href=\"https:\/\/www.electrifyamerica.com\/\">Electrify America<\/a><\/u>, prek katerega naj bi do leta 2025 podvojili infrastrukturo v ZDA in Kanadi. Na Kitajskem pa sodelujejo z lokalnim startupom.<\/li>\n<li>Volkswagen je napovedal ve\u010dji poudarek na digitalizaciji in izbolj\u0161anju programske opreme, ki vklju\u010duje tehnologijo avtonomnih vozil in storitve souporabe vozil (<em>ride-sharing services<\/em>). Trenutno pa ima Tesla bolj dovr\u0161eno in intuitivno programsko opremo za elektri\u010dna vozila.<\/li>\n<li>Dodatna prednost Volkswagna je, da ima zaradi dalj\u0161ega obstoja na trgu \u017ee postavljeno in uveljavljeno infrastrukturo ter potrebne kapacitete, ki jih la\u017eje preusmeri v izdelavo elektri\u010dnih vozil.<\/li>\n<\/ul>\n<p><em>Ta \u010dlanek izra\u017ea le stali\u0161\u010de avtorja in ne nalo\u017ebenega nasveta. Namen \u010dlanka je informativne narave.<\/em><\/p>\n","protected":false},"excerpt":{"rendered":"<p>Skupina Volkswagen je nem\u0161ki proizvajalec avtomobilov, ki ima pod okriljem deset blagovnih znamk. Med bolj znanimi so Audi, Porsche, Volkswagen, \u0160koda, Seat, Cupra, Scania, MAN, Bentley in Bugatti. Proizvodnja in prodaja vozil je raz\u0161irjena po vsem svetu, predvsem v Evropi, Severni Ameriki, Ju\u017eni Ameriki in azijsko-pacifi\u0161ki regiji. Delujejo na razli\u010dnih podro\u010djih in pokrivajo vse od [&hellip;]<\/p>\n","protected":false},"author":1,"featured_media":0,"comment_status":"open","ping_status":"open","sticky":false,"template":"","format":"standard","meta":{"_et_pb_use_builder":"","_et_pb_old_content":"","_et_gb_content_width":"","footnotes":""},"categories":[13],"tags":[11,34,33],"yoast_head":"<!-- This site is optimized with the Yoast SEO plugin v21.8 - https:\/\/yoast.com\/wordpress\/plugins\/seo\/ -->\n<title>TRG ELEKTRI\u010cNIH VOZIL IN TR\u017dNA VREDNOST SKUPINE VOLKSWAGEN - Domen Zavrl<\/title>\n<meta name=\"description\" content=\"Volkswagen je napovedal ve\u010djo usmeritev v proizvodnjo elektri\u010dnih vozil in digitalizacijo tehnologij zanje.\" \/>\n<meta name=\"robots\" content=\"index, follow, max-snippet:-1, max-image-preview:large, max-video-preview:-1\" \/>\n<link rel=\"canonical\" href=\"https:\/\/www.domenzavrl.com\/sl\/trg-elektricnih-vozil-in-trzna-vrednost-skupine-volkswagen\/\" \/>\n<meta property=\"og:locale\" content=\"sl_SI\" \/>\n<meta property=\"og:type\" content=\"article\" \/>\n<meta property=\"og:title\" content=\"TRG ELEKTRI\u010cNIH VOZIL IN TR\u017dNA VREDNOST SKUPINE VOLKSWAGEN - Domen Zavrl\" \/>\n<meta property=\"og:description\" content=\"Volkswagen je napovedal ve\u010djo usmeritev v proizvodnjo elektri\u010dnih vozil in digitalizacijo tehnologij zanje.\" \/>\n<meta property=\"og:url\" content=\"https:\/\/www.domenzavrl.com\/sl\/trg-elektricnih-vozil-in-trzna-vrednost-skupine-volkswagen\/\" \/>\n<meta property=\"og:site_name\" content=\"Domen Zavrl\" \/>\n<meta property=\"article:published_time\" content=\"2022-01-24T17:17:03+00:00\" \/>\n<meta name=\"author\" content=\"Domen Zavrl\" \/>\n<meta name=\"twitter:card\" content=\"summary_large_image\" \/>\n<meta name=\"twitter:label1\" content=\"Written by\" \/>\n\t<meta name=\"twitter:data1\" content=\"Domen Zavrl\" \/>\n\t<meta name=\"twitter:label2\" content=\"Est. reading time\" \/>\n\t<meta name=\"twitter:data2\" content=\"2 minuti\" \/>\n<script type=\"application\/ld+json\" class=\"yoast-schema-graph\">{\"@context\":\"https:\/\/schema.org\",\"@graph\":[{\"@type\":\"WebPage\",\"@id\":\"https:\/\/www.domenzavrl.com\/sl\/trg-elektricnih-vozil-in-trzna-vrednost-skupine-volkswagen\/\",\"url\":\"https:\/\/www.domenzavrl.com\/sl\/trg-elektricnih-vozil-in-trzna-vrednost-skupine-volkswagen\/\",\"name\":\"TRG ELEKTRI\u010cNIH VOZIL IN TR\u017dNA VREDNOST SKUPINE VOLKSWAGEN - Domen Zavrl\",\"isPartOf\":{\"@id\":\"https:\/\/www.domenzavrl.com\/#website\"},\"datePublished\":\"2022-01-24T17:17:03+00:00\",\"dateModified\":\"2022-01-24T17:17:03+00:00\",\"author\":{\"@id\":\"https:\/\/www.domenzavrl.com\/#\/schema\/person\/1ac60ee7b0ba43c5f323a937b550a45c\"},\"description\":\"Volkswagen je napovedal ve\u010djo usmeritev v proizvodnjo elektri\u010dnih vozil in digitalizacijo tehnologij zanje.\",\"breadcrumb\":{\"@id\":\"https:\/\/www.domenzavrl.com\/sl\/trg-elektricnih-vozil-in-trzna-vrednost-skupine-volkswagen\/#breadcrumb\"},\"inLanguage\":\"sl-SI\",\"potentialAction\":[{\"@type\":\"ReadAction\",\"target\":[\"https:\/\/www.domenzavrl.com\/sl\/trg-elektricnih-vozil-in-trzna-vrednost-skupine-volkswagen\/\"]}]},{\"@type\":\"BreadcrumbList\",\"@id\":\"https:\/\/www.domenzavrl.com\/sl\/trg-elektricnih-vozil-in-trzna-vrednost-skupine-volkswagen\/#breadcrumb\",\"itemListElement\":[{\"@type\":\"ListItem\",\"position\":1,\"name\":\"Home\",\"item\":\"https:\/\/www.domenzavrl.com\/sl\/\"},{\"@type\":\"ListItem\",\"position\":2,\"name\":\"TRG ELEKTRI\u010cNIH VOZIL IN TR\u017dNA VREDNOST SKUPINE VOLKSWAGEN\"}]},{\"@type\":\"WebSite\",\"@id\":\"https:\/\/www.domenzavrl.com\/#website\",\"url\":\"https:\/\/www.domenzavrl.com\/\",\"name\":\"Domen Zavrl\",\"description\":\"International Businessman\",\"potentialAction\":[{\"@type\":\"SearchAction\",\"target\":{\"@type\":\"EntryPoint\",\"urlTemplate\":\"https:\/\/www.domenzavrl.com\/?s={search_term_string}\"},\"query-input\":\"required name=search_term_string\"}],\"inLanguage\":\"sl-SI\"},{\"@type\":\"Person\",\"@id\":\"https:\/\/www.domenzavrl.com\/#\/schema\/person\/1ac60ee7b0ba43c5f323a937b550a45c\",\"name\":\"Domen Zavrl\",\"image\":{\"@type\":\"ImageObject\",\"inLanguage\":\"sl-SI\",\"@id\":\"https:\/\/www.domenzavrl.com\/#\/schema\/person\/image\/\",\"url\":\"https:\/\/www.domenzavrl.com\/wp-content\/litespeed\/avatar\/7b5d36e0623b6ed25632f4c0b3b606e1.jpg?ver=1777455396\",\"contentUrl\":\"https:\/\/www.domenzavrl.com\/wp-content\/litespeed\/avatar\/7b5d36e0623b6ed25632f4c0b3b606e1.jpg?ver=1777455396\",\"caption\":\"Domen Zavrl\"},\"url\":\"https:\/\/www.domenzavrl.com\/sl\/author\/admin\/\"}]}<\/script>\n<!-- \/ Yoast SEO plugin. -->","yoast_head_json":{"title":"TRG ELEKTRI\u010cNIH VOZIL IN TR\u017dNA VREDNOST SKUPINE VOLKSWAGEN - Domen Zavrl","description":"Volkswagen je napovedal ve\u010djo usmeritev v proizvodnjo elektri\u010dnih vozil in digitalizacijo tehnologij zanje.","robots":{"index":"index","follow":"follow","max-snippet":"max-snippet:-1","max-image-preview":"max-image-preview:large","max-video-preview":"max-video-preview:-1"},"canonical":"https:\/\/www.domenzavrl.com\/sl\/trg-elektricnih-vozil-in-trzna-vrednost-skupine-volkswagen\/","og_locale":"sl_SI","og_type":"article","og_title":"TRG ELEKTRI\u010cNIH VOZIL IN TR\u017dNA VREDNOST SKUPINE VOLKSWAGEN - Domen Zavrl","og_description":"Volkswagen je napovedal ve\u010djo usmeritev v proizvodnjo elektri\u010dnih vozil in digitalizacijo tehnologij zanje.","og_url":"https:\/\/www.domenzavrl.com\/sl\/trg-elektricnih-vozil-in-trzna-vrednost-skupine-volkswagen\/","og_site_name":"Domen Zavrl","article_published_time":"2022-01-24T17:17:03+00:00","author":"Domen Zavrl","twitter_card":"summary_large_image","twitter_misc":{"Written by":"Domen Zavrl","Est. reading time":"2 minuti"},"schema":{"@context":"https:\/\/schema.org","@graph":[{"@type":"WebPage","@id":"https:\/\/www.domenzavrl.com\/sl\/trg-elektricnih-vozil-in-trzna-vrednost-skupine-volkswagen\/","url":"https:\/\/www.domenzavrl.com\/sl\/trg-elektricnih-vozil-in-trzna-vrednost-skupine-volkswagen\/","name":"TRG ELEKTRI\u010cNIH VOZIL IN TR\u017dNA VREDNOST SKUPINE VOLKSWAGEN - Domen Zavrl","isPartOf":{"@id":"https:\/\/www.domenzavrl.com\/#website"},"datePublished":"2022-01-24T17:17:03+00:00","dateModified":"2022-01-24T17:17:03+00:00","author":{"@id":"https:\/\/www.domenzavrl.com\/#\/schema\/person\/1ac60ee7b0ba43c5f323a937b550a45c"},"description":"Volkswagen je napovedal ve\u010djo usmeritev v proizvodnjo elektri\u010dnih vozil in digitalizacijo tehnologij zanje.","breadcrumb":{"@id":"https:\/\/www.domenzavrl.com\/sl\/trg-elektricnih-vozil-in-trzna-vrednost-skupine-volkswagen\/#breadcrumb"},"inLanguage":"sl-SI","potentialAction":[{"@type":"ReadAction","target":["https:\/\/www.domenzavrl.com\/sl\/trg-elektricnih-vozil-in-trzna-vrednost-skupine-volkswagen\/"]}]},{"@type":"BreadcrumbList","@id":"https:\/\/www.domenzavrl.com\/sl\/trg-elektricnih-vozil-in-trzna-vrednost-skupine-volkswagen\/#breadcrumb","itemListElement":[{"@type":"ListItem","position":1,"name":"Home","item":"https:\/\/www.domenzavrl.com\/sl\/"},{"@type":"ListItem","position":2,"name":"TRG ELEKTRI\u010cNIH VOZIL IN TR\u017dNA VREDNOST SKUPINE VOLKSWAGEN"}]},{"@type":"WebSite","@id":"https:\/\/www.domenzavrl.com\/#website","url":"https:\/\/www.domenzavrl.com\/","name":"Domen Zavrl","description":"International Businessman","potentialAction":[{"@type":"SearchAction","target":{"@type":"EntryPoint","urlTemplate":"https:\/\/www.domenzavrl.com\/?s={search_term_string}"},"query-input":"required name=search_term_string"}],"inLanguage":"sl-SI"},{"@type":"Person","@id":"https:\/\/www.domenzavrl.com\/#\/schema\/person\/1ac60ee7b0ba43c5f323a937b550a45c","name":"Domen Zavrl","image":{"@type":"ImageObject","inLanguage":"sl-SI","@id":"https:\/\/www.domenzavrl.com\/#\/schema\/person\/image\/","url":"https:\/\/www.domenzavrl.com\/wp-content\/litespeed\/avatar\/7b5d36e0623b6ed25632f4c0b3b606e1.jpg?ver=1777455396","contentUrl":"https:\/\/www.domenzavrl.com\/wp-content\/litespeed\/avatar\/7b5d36e0623b6ed25632f4c0b3b606e1.jpg?ver=1777455396","caption":"Domen Zavrl"},"url":"https:\/\/www.domenzavrl.com\/sl\/author\/admin\/"}]}},"_links":{"self":[{"href":"https:\/\/www.domenzavrl.com\/sl\/wp-json\/wp\/v2\/posts\/502"}],"collection":[{"href":"https:\/\/www.domenzavrl.com\/sl\/wp-json\/wp\/v2\/posts"}],"about":[{"href":"https:\/\/www.domenzavrl.com\/sl\/wp-json\/wp\/v2\/types\/post"}],"author":[{"embeddable":true,"href":"https:\/\/www.domenzavrl.com\/sl\/wp-json\/wp\/v2\/users\/1"}],"replies":[{"embeddable":true,"href":"https:\/\/www.domenzavrl.com\/sl\/wp-json\/wp\/v2\/comments?post=502"}],"version-history":[{"count":1,"href":"https:\/\/www.domenzavrl.com\/sl\/wp-json\/wp\/v2\/posts\/502\/revisions"}],"predecessor-version":[{"id":503,"href":"https:\/\/www.domenzavrl.com\/sl\/wp-json\/wp\/v2\/posts\/502\/revisions\/503"}],"wp:attachment":[{"href":"https:\/\/www.domenzavrl.com\/sl\/wp-json\/wp\/v2\/media?parent=502"}],"wp:term":[{"taxonomy":"category","embeddable":true,"href":"https:\/\/www.domenzavrl.com\/sl\/wp-json\/wp\/v2\/categories?post=502"},{"taxonomy":"post_tag","embeddable":true,"href":"https:\/\/www.domenzavrl.com\/sl\/wp-json\/wp\/v2\/tags?post=502"}],"curies":[{"name":"wp","href":"https:\/\/api.w.org\/{rel}","templated":true}]}}